{"id":"creadence.be","name":"Creadence | D\u00e9coration photographique de votre cr\u00e9dence de cuisine et de votre int\u00e9rieur","short_name":"Cr\u00e9adence","description":"Panneaux d\u00e9coratifs cuisine | Esneux | Li\u00e8ge | Belgique | Graphisme | Photographie","icons":[{"src":"https:\/\/creadence.be\/wp-content\/uploads\/2021\/05\/creadence_192.png","sizes":"192x192","type":"image\/png","purpose":"any"},{"src":"https:\/\/creadence.be\/wp-content\/uploads\/2021\/05\/creadence_512.png","sizes":"512x512","type":"image\/png","purpose":"any"}],"background_color":"#ffffff","theme_color":"#ffffff","display":"standalone","dir":"ltr","orientation":"portrait","start_url":"\/concepteur-et-installateur-de-credences-de-cuisine-a-esneux-en-province-de-liege-decoration-photographique\/","scope":"\/","shortcuts":[{"name":"Cr\u00e9adence","url":"\/","description":"Panneaux d\u00e9coratifs cuisine | Esneux | Li\u00e8ge | Belgique | Graphisme | Photographie","icons":[{"src":"https:\/\/creadence.be\/wp-content\/uploads\/2021\/05\/creadence_192.png","sizes":"192x192"}]}],"launch_handler":{"client_mode":"auto"},"handle_links":"preferred"}